{"id":974,"date":"2024-03-04T22:08:57","date_gmt":"2024-03-04T22:08:57","guid":{"rendered":"https:\/\/sandalio.org\/sw\/?p=974"},"modified":"2024-03-04T22:13:31","modified_gmt":"2024-03-04T22:13:31","slug":"voces-por-gaza-un-grito-contra-el-silencio-y-la-complicidad","status":"publish","type":"post","link":"https:\/\/sandalio.org\/sw\/2024\/03\/04\/voces-por-gaza-un-grito-contra-el-silencio-y-la-complicidad\/","title":{"rendered":"Voces por Gaza: Un Grito Contra el Silencio y la Complicidad"},"content":{"rendered":"\t\t<div data-elementor-type=\"wp-post\" data-elementor-id=\"974\" class=\"elementor elementor-974\" data-elementor-post-type=\"post\">\n\t\t\t\t\t\t<section class=\"elementor-section elementor-top-section elementor-element elementor-element-8ac031a elementor-section-boxed elementor-section-height-default elementor-section-height-default\" data-id=\"8ac031a\" data-element_type=\"section\" data-e-type=\"section\">\n\t\t\t\t\t\t<div class=\"elementor-container elementor-column-gap-default\">\n\t\t\t\t\t<div class=\"elementor-column elementor-col-33 elementor-top-column elementor-element elementor-element-b5144e3\" data-id=\"b5144e3\" data-element_type=\"column\" data-e-type=\"column\">\n\t\t\t<div class=\"elementor-widget-wrap elementor-element-populated\">\n\t\t\t\t\t\t<div class=\"elementor-element elementor-element-ce4b4af elementor-widget elementor-widget-image\" data-id=\"ce4b4af\" data-element_type=\"widget\" data-e-type=\"widget\" data-widget_type=\"image.default\">\n\t\t\t\t<div class=\"elementor-widget-container\">\n\t\t\t\t\t\t\t\t\t\t\t\t\t\t\t<img fetchpriority=\"high\" decoding=\"async\" data-attachment-id=\"975\" data-permalink=\"https:\/\/sandalio.org\/sw\/2024\/03\/04\/voces-por-gaza-un-grito-contra-el-silencio-y-la-complicidad\/gaza_1\/\" data-orig-file=\"https:\/\/i0.wp.com\/sandalio.org\/sw\/wp-content\/uploads\/2024\/03\/Gaza_1-scaled.jpg?fit=2560%2C1920&amp;ssl=1\" data-orig-size=\"2560,1920\" data-comments-opened=\"1\" data-image-meta=\"{&quot;aperture&quot;:&quot;3.2&quot;,&quot;credit&quot;:&quot;&quot;,&quot;camera&quot;:&quot;COOLPIX S2900&quot;,&quot;caption&quot;:&quot;&quot;,&quot;created_timestamp&quot;:&quot;1708787462&quot;,&quot;copyright&quot;:&quot;&quot;,&quot;focal_length&quot;:&quot;4.6&quot;,&quot;iso&quot;:&quot;80&quot;,&quot;shutter_speed&quot;:&quot;0.0025&quot;,&quot;title&quot;:&quot;&quot;,&quot;orientation&quot;:&quot;1&quot;}\" data-image-title=\"Gaza_1\" data-image-description=\"\" data-image-caption=\"\" data-large-file=\"https:\/\/i0.wp.com\/sandalio.org\/sw\/wp-content\/uploads\/2024\/03\/Gaza_1-scaled.jpg?fit=800%2C600&amp;ssl=1\" width=\"800\" height=\"600\" src=\"https:\/\/i0.wp.com\/sandalio.org\/sw\/wp-content\/uploads\/2024\/03\/Gaza_1-scaled.jpg?fit=800%2C600&amp;ssl=1\" class=\"attachment-large size-large wp-image-975\" alt=\"Un Grito Contra el Silencio\" srcset=\"https:\/\/i0.wp.com\/sandalio.org\/sw\/wp-content\/uploads\/2024\/03\/Gaza_1-scaled.jpg?w=2560&amp;ssl=1 2560w, https:\/\/i0.wp.com\/sandalio.org\/sw\/wp-content\/uploads\/2024\/03\/Gaza_1-scaled.jpg?resize=300%2C225&amp;ssl=1 300w, https:\/\/i0.wp.com\/sandalio.org\/sw\/wp-content\/uploads\/2024\/03\/Gaza_1-scaled.jpg?resize=1024%2C768&amp;ssl=1 1024w, https:\/\/i0.wp.com\/sandalio.org\/sw\/wp-content\/uploads\/2024\/03\/Gaza_1-scaled.jpg?resize=768%2C576&amp;ssl=1 768w, https:\/\/i0.wp.com\/sandalio.org\/sw\/wp-content\/uploads\/2024\/03\/Gaza_1-scaled.jpg?resize=1536%2C1152&amp;ssl=1 1536w, https:\/\/i0.wp.com\/sandalio.org\/sw\/wp-content\/uploads\/2024\/03\/Gaza_1-scaled.jpg?resize=2048%2C1536&amp;ssl=1 2048w, https:\/\/i0.wp.com\/sandalio.org\/sw\/wp-content\/uploads\/2024\/03\/Gaza_1-scaled.jpg?w=1600&amp;ssl=1 1600w, https:\/\/i0.wp.com\/sandalio.org\/sw\/wp-content\/uploads\/2024\/03\/Gaza_1-scaled.jpg?w=2400&amp;ssl=1 2400w\" sizes=\"(max-width: 800px) 100vw, 800px\" data-attachment-id=\"975\" data-permalink=\"https:\/\/sandalio.org\/sw\/2024\/03\/04\/voces-por-gaza-un-grito-contra-el-silencio-y-la-complicidad\/gaza_1\/\" data-orig-file=\"https:\/\/i0.wp.com\/sandalio.org\/sw\/wp-content\/uploads\/2024\/03\/Gaza_1-scaled.jpg?fit=2560%2C1920&amp;ssl=1\" data-orig-size=\"2560,1920\" data-comments-opened=\"1\" data-image-meta=\"{&quot;aperture&quot;:&quot;3.2&quot;,&quot;credit&quot;:&quot;&quot;,&quot;camera&quot;:&quot;COOLPIX S2900&quot;,&quot;caption&quot;:&quot;&quot;,&quot;created_timestamp&quot;:&quot;1708787462&quot;,&quot;copyright&quot;:&quot;&quot;,&quot;focal_length&quot;:&quot;4.6&quot;,&quot;iso&quot;:&quot;80&quot;,&quot;shutter_speed&quot;:&quot;0.0025&quot;,&quot;title&quot;:&quot;&quot;,&quot;orientation&quot;:&quot;1&quot;}\" data-image-title=\"Gaza_1\" data-image-description=\"\" data-image-caption=\"\" data-large-file=\"https:\/\/i0.wp.com\/sandalio.org\/sw\/wp-content\/uploads\/2024\/03\/Gaza_1-scaled.jpg?fit=800%2C600&amp;ssl=1\" \/>\t\t\t\t\t\t\t\t\t\t\t\t\t\t\t<\/div>\n\t\t\t\t<\/div>\n\t\t\t\t\t<\/div>\n\t\t<\/div>\n\t\t\t\t<div class=\"elementor-column elementor-col-66 elementor-top-column elementor-element elementor-element-6d9e448\" data-id=\"6d9e448\" data-element_type=\"column\" data-e-type=\"column\">\n\t\t\t<div class=\"elementor-widget-wrap elementor-element-populated\">\n\t\t\t\t\t\t<div class=\"elementor-element elementor-element-8815ec5 elementor-widget elementor-widget-text-editor\" data-id=\"8815ec5\" data-element_type=\"widget\" data-e-type=\"widget\" data-widget_type=\"text-editor.default\">\n\t\t\t\t<div class=\"elementor-widget-container\">\n\t\t\t\t\t\t\t\t\t<p>En un mundo a menudo oscurecido por titulares y ret\u00f3rica pol\u00edtica, las calles se convierten en un lienzo para aquellos sin voz. La reciente manifestaci\u00f3n capturada en estas fotograf\u00edas revela una narrativa conmovedora de solidaridad, paz y un rechazo inquebrantable a la complicidad en la injusticia.<\/p>\t\t\t\t\t\t\t\t<\/div>\n\t\t\t\t<\/div>\n\t\t\t\t\t<\/div>\n\t\t<\/div>\n\t\t\t\t\t<\/div>\n\t\t<\/section>\n\t\t\t\t<section class=\"elementor-section elementor-top-section elementor-element elementor-element-66a046e elementor-section-boxed elementor-section-height-default elementor-section-height-default\" data-id=\"66a046e\" data-element_type=\"section\" data-e-type=\"section\">\n\t\t\t\t\t\t<div class=\"elementor-container elementor-column-gap-default\">\n\t\t\t\t\t<div class=\"elementor-column elementor-col-33 elementor-top-column elementor-element elementor-element-b2e2032\" data-id=\"b2e2032\" data-element_type=\"column\" data-e-type=\"column\">\n\t\t\t<div class=\"elementor-widget-wrap elementor-element-populated\">\n\t\t\t\t\t\t<div class=\"elementor-element elementor-element-700c779 elementor-widget elementor-widget-text-editor\" data-id=\"700c779\" data-element_type=\"widget\" data-e-type=\"widget\" data-widget_type=\"text-editor.default\">\n\t\t\t\t<div class=\"elementor-widget-container\">\n\t\t\t\t\t\t\t\t\t<p>Los carteles, audaces y sin rodeos, llevan mensajes que resuenan profundamente con aquellos que comprenden el costo de la guerra demasiado bien. \u00ab\u00a1Paz, no complicidad!\u00bb proclama uno, un grito de reuni\u00f3n para aquellos que se niegan a ser socios silenciosos de la maquinaria del conflicto.<\/p>\t\t\t\t\t\t\t\t<\/div>\n\t\t\t\t<\/div>\n\t\t\t\t\t<\/div>\n\t\t<\/div>\n\t\t\t\t<div class=\"elementor-column elementor-col-66 elementor-top-column elementor-element elementor-element-7272a93\" data-id=\"7272a93\" data-element_type=\"column\" data-e-type=\"column\">\n\t\t\t<div class=\"elementor-widget-wrap elementor-element-populated\">\n\t\t\t\t\t\t<div class=\"elementor-element elementor-element-e0617e6 elementor-widget elementor-widget-image\" data-id=\"e0617e6\" data-element_type=\"widget\" data-e-type=\"widget\" data-widget_type=\"image.default\">\n\t\t\t\t<div class=\"elementor-widget-container\">\n\t\t\t\t\t\t\t\t\t\t\t\t\t\t\t<img decoding=\"async\" data-attachment-id=\"976\" data-permalink=\"https:\/\/sandalio.org\/sw\/2024\/03\/04\/voces-por-gaza-un-grito-contra-el-silencio-y-la-complicidad\/gaza_2\/\" data-orig-file=\"https:\/\/i0.wp.com\/sandalio.org\/sw\/wp-content\/uploads\/2024\/03\/Gaza_2-scaled.jpg?fit=2560%2C1920&amp;ssl=1\" data-orig-size=\"2560,1920\" data-comments-opened=\"1\" data-image-meta=\"{&quot;aperture&quot;:&quot;3.2&quot;,&quot;credit&quot;:&quot;&quot;,&quot;camera&quot;:&quot;COOLPIX S2900&quot;,&quot;caption&quot;:&quot;&quot;,&quot;created_timestamp&quot;:&quot;1708787472&quot;,&quot;copyright&quot;:&quot;&quot;,&quot;focal_length&quot;:&quot;4.6&quot;,&quot;iso&quot;:&quot;80&quot;,&quot;shutter_speed&quot;:&quot;0.002&quot;,&quot;title&quot;:&quot;&quot;,&quot;orientation&quot;:&quot;1&quot;}\" data-image-title=\"Gaza_2\" data-image-description=\"\" data-image-caption=\"\" data-large-file=\"https:\/\/i0.wp.com\/sandalio.org\/sw\/wp-content\/uploads\/2024\/03\/Gaza_2-scaled.jpg?fit=800%2C600&amp;ssl=1\" width=\"800\" height=\"600\" src=\"https:\/\/i0.wp.com\/sandalio.org\/sw\/wp-content\/uploads\/2024\/03\/Gaza_2-scaled.jpg?fit=800%2C600&amp;ssl=1\" class=\"attachment-large size-large wp-image-976\" alt=\"Un Grito Contra el Silencio\" srcset=\"https:\/\/i0.wp.com\/sandalio.org\/sw\/wp-content\/uploads\/2024\/03\/Gaza_2-scaled.jpg?w=2560&amp;ssl=1 2560w, https:\/\/i0.wp.com\/sandalio.org\/sw\/wp-content\/uploads\/2024\/03\/Gaza_2-scaled.jpg?resize=300%2C225&amp;ssl=1 300w, https:\/\/i0.wp.com\/sandalio.org\/sw\/wp-content\/uploads\/2024\/03\/Gaza_2-scaled.jpg?resize=1024%2C768&amp;ssl=1 1024w, https:\/\/i0.wp.com\/sandalio.org\/sw\/wp-content\/uploads\/2024\/03\/Gaza_2-scaled.jpg?resize=768%2C576&amp;ssl=1 768w, https:\/\/i0.wp.com\/sandalio.org\/sw\/wp-content\/uploads\/2024\/03\/Gaza_2-scaled.jpg?resize=1536%2C1152&amp;ssl=1 1536w, https:\/\/i0.wp.com\/sandalio.org\/sw\/wp-content\/uploads\/2024\/03\/Gaza_2-scaled.jpg?resize=2048%2C1536&amp;ssl=1 2048w, https:\/\/i0.wp.com\/sandalio.org\/sw\/wp-content\/uploads\/2024\/03\/Gaza_2-scaled.jpg?w=1600&amp;ssl=1 1600w, https:\/\/i0.wp.com\/sandalio.org\/sw\/wp-content\/uploads\/2024\/03\/Gaza_2-scaled.jpg?w=2400&amp;ssl=1 2400w\" sizes=\"(max-width: 800px) 100vw, 800px\" data-attachment-id=\"976\" data-permalink=\"https:\/\/sandalio.org\/sw\/2024\/03\/04\/voces-por-gaza-un-grito-contra-el-silencio-y-la-complicidad\/gaza_2\/\" data-orig-file=\"https:\/\/i0.wp.com\/sandalio.org\/sw\/wp-content\/uploads\/2024\/03\/Gaza_2-scaled.jpg?fit=2560%2C1920&amp;ssl=1\" data-orig-size=\"2560,1920\" data-comments-opened=\"1\" data-image-meta=\"{&quot;aperture&quot;:&quot;3.2&quot;,&quot;credit&quot;:&quot;&quot;,&quot;camera&quot;:&quot;COOLPIX S2900&quot;,&quot;caption&quot;:&quot;&quot;,&quot;created_timestamp&quot;:&quot;1708787472&quot;,&quot;copyright&quot;:&quot;&quot;,&quot;focal_length&quot;:&quot;4.6&quot;,&quot;iso&quot;:&quot;80&quot;,&quot;shutter_speed&quot;:&quot;0.002&quot;,&quot;title&quot;:&quot;&quot;,&quot;orientation&quot;:&quot;1&quot;}\" data-image-title=\"Gaza_2\" data-image-description=\"\" data-image-caption=\"\" data-large-file=\"https:\/\/i0.wp.com\/sandalio.org\/sw\/wp-content\/uploads\/2024\/03\/Gaza_2-scaled.jpg?fit=800%2C600&amp;ssl=1\" \/>\t\t\t\t\t\t\t\t\t\t\t\t\t\t\t<\/div>\n\t\t\t\t<\/div>\n\t\t\t\t\t<\/div>\n\t\t<\/div>\n\t\t\t\t\t<\/div>\n\t\t<\/section>\n\t\t\t\t<section class=\"elementor-section elementor-top-section elementor-element elementor-element-495f3536 elementor-section-boxed elementor-section-height-default elementor-section-height-default\" data-id=\"495f3536\" data-element_type=\"section\" data-e-type=\"section\">\n\t\t\t\t\t\t<div class=\"elementor-container elementor-column-gap-default\">\n\t\t\t\t\t<div class=\"elementor-column elementor-col-100 elementor-top-column elementor-element elementor-element-6711abdb\" data-id=\"6711abdb\" data-element_type=\"column\" data-e-type=\"column\">\n\t\t\t<div class=\"elementor-widget-wrap elementor-element-populated\">\n\t\t\t\t\t\t<div class=\"elementor-element elementor-element-191017bb elementor-widget elementor-widget-text-editor\" data-id=\"191017bb\" data-element_type=\"widget\" data-e-type=\"widget\" data-widget_type=\"text-editor.default\">\n\t\t\t\t<div class=\"elementor-widget-container\">\n\t\t\t\t\t\t\t\t\t<p>\u00a0Otro dice: \u00abLas armas nos deshumanizan. \u00a1Fuera!\u00bb, un recordatorio descarnado del efecto deshumanizador de los arsenales militares en ambos lados de un conflicto.<\/p><p>Mientras la bandera palestina ondea en medio de la multitud, es un s\u00edmbolo no solo de una naci\u00f3n, sino de una lucha humana que trasciende las fronteras geogr\u00e1ficas. Las preguntas que se plantean al mundo son tan desafiantes como simples: \u00bfPueden aquellos que han perpetrado o contribuido a genocidios rehabilitarse y volver a ser humanos? \u00bfHay lugar para las armas en un mundo que anhela la paz?<\/p><p>Esta no es solo una protesta local; es una declaraci\u00f3n global. Los manifestantes, diversos en edad y antecedentes, est\u00e1n unidos en su mensaje: Estamos con Gaza. Estamos por la humanidad.<\/p><p>En su llamado a poner fin a las armas y al rechazo de tratados con aquellos que cometen atrocidades, estos activistas nos recuerdan que la neutralidad es una postura, y el silencio puede ser tan estruendoso como una explosi\u00f3n. Nos desaf\u00edan a considerar nuestro papel en las narrativas de guerra y paz. Nos piden elegir el lado de la humanidad.<\/p><p>El sufrimiento de las v\u00edctimas de Gaza no se olvida. Se hace eco en los c\u00e1nticos, se pinta en los carteles y se graba en los rostros de aquellos que exigen un cambio. Hoy, las calles hablaron por Gaza. \u00bfC\u00f3mo reaccionaremos?<\/p>\t\t\t\t\t\t\t\t<\/div>\n\t\t\t\t<\/div>\n\t\t\t\t\t<\/div>\n\t\t<\/div>\n\t\t\t\t\t<\/div>\n\t\t<\/section>\n\t\t\t\t<\/div>\n\t\t","protected":false},"excerpt":{"rendered":"<p>En un mundo a menudo oscurecido por titulares y ret\u00f3rica pol\u00edtica, las calles se convierten en un lienzo para aquellos sin voz. La reciente manifestaci\u00f3n capturada en estas fotograf\u00edas revela una narrativa conmovedora de solidaridad, paz y un rechazo inquebrantable a la complicidad en la injusticia. Los carteles, audaces y sin rodeos, llevan mensajes que [&hellip;]<\/p>\n","protected":false},"author":1,"featured_media":975,"comment_status":"open","ping_status":"open","sticky":false,"template":"","format":"standard","meta":{"jetpack_post_was_ever_published":false,"_jetpack_newsletter_access":"","_jetpack_dont_email_post_to_subs":false,"_jetpack_newsletter_tier_id":0,"_jetpack_memberships_contains_paywalled_content":false,"_jetpack_memberships_contains_paid_content":false,"footnotes":"","jetpack_publicize_message":"","jetpack_publicize_feature_enabled":true,"jetpack_social_post_already_shared":true,"jetpack_social_options":{"image_generator_settings":{"template":"highway","default_image_id":0,"font":"","enabled":false},"version":2}},"categories":[16],"tags":[],"class_list":["post-974","post","type-post","status-publish","format-standard","has-post-thumbnail","hentry","category-blog"],"yoast_head":"<!-- This site is optimized with the Yoast SEO plugin v27.4 - https:\/\/yoast.com\/product\/yoast-seo-wordpress\/ -->\n<title>Voces por Gaza: Un Grito Contra el Silencio y la Complicidad - SANDALIO WEBSITE<\/title>\n<meta name=\"robots\" content=\"index, follow, max-snippet:-1, max-image-preview:large, max-video-preview:-1\" \/>\n<link rel=\"canonical\" href=\"https:\/\/sandalio.org\/sw\/2024\/03\/04\/voces-por-gaza-un-grito-contra-el-silencio-y-la-complicidad\/\" \/>\n<meta property=\"og:locale\" content=\"es_ES\" \/>\n<meta property=\"og:type\" content=\"article\" \/>\n<meta property=\"og:title\" content=\"Voces por Gaza: Un Grito Contra el Silencio y la Complicidad - SANDALIO WEBSITE\" \/>\n<meta property=\"og:description\" content=\"En un mundo a menudo oscurecido por titulares y ret\u00f3rica pol\u00edtica, las calles se convierten en un lienzo para aquellos sin voz. La reciente manifestaci\u00f3n capturada en estas fotograf\u00edas revela una narrativa conmovedora de solidaridad, paz y un rechazo inquebrantable a la complicidad en la injusticia. Los carteles, audaces y sin rodeos, llevan mensajes que [&hellip;]\" \/>\n<meta property=\"og:url\" content=\"https:\/\/sandalio.org\/sw\/2024\/03\/04\/voces-por-gaza-un-grito-contra-el-silencio-y-la-complicidad\/\" \/>\n<meta property=\"og:site_name\" content=\"SANDALIO WEBSITE\" \/>\n<meta property=\"article:published_time\" content=\"2024-03-04T22:08:57+00:00\" \/>\n<meta property=\"article:modified_time\" content=\"2024-03-04T22:13:31+00:00\" \/>\n<meta property=\"og:image\" content=\"https:\/\/i0.wp.com\/sandalio.org\/sw\/wp-content\/uploads\/2024\/03\/Gaza_1-scaled.jpg?fit=2560%2C1920&ssl=1\" \/>\n\t<meta property=\"og:image:width\" content=\"2560\" \/>\n\t<meta property=\"og:image:height\" content=\"1920\" \/>\n\t<meta property=\"og:image:type\" content=\"image\/jpeg\" \/>\n<meta name=\"author\" content=\"kalonso\" \/>\n<meta name=\"twitter:card\" content=\"summary_large_image\" \/>\n<meta name=\"twitter:label1\" content=\"Escrito por\" \/>\n\t<meta name=\"twitter:data1\" content=\"kalonso\" \/>\n\t<meta name=\"twitter:label2\" content=\"Tiempo de lectura\" \/>\n\t<meta name=\"twitter:data2\" content=\"2 minutos\" \/>\n<script type=\"application\/ld+json\" class=\"yoast-schema-graph\">{\"@context\":\"https:\\\/\\\/schema.org\",\"@graph\":[{\"@type\":\"Article\",\"@id\":\"https:\\\/\\\/sandalio.org\\\/sw\\\/2024\\\/03\\\/04\\\/voces-por-gaza-un-grito-contra-el-silencio-y-la-complicidad\\\/#article\",\"isPartOf\":{\"@id\":\"https:\\\/\\\/sandalio.org\\\/sw\\\/2024\\\/03\\\/04\\\/voces-por-gaza-un-grito-contra-el-silencio-y-la-complicidad\\\/\"},\"author\":{\"name\":\"kalonso\",\"@id\":\"https:\\\/\\\/sandalio.org\\\/sw\\\/#\\\/schema\\\/person\\\/19662efb74ec1a0c864e5c3f314d4b5e\"},\"headline\":\"Voces por Gaza: Un Grito Contra el Silencio y la Complicidad\",\"datePublished\":\"2024-03-04T22:08:57+00:00\",\"dateModified\":\"2024-03-04T22:13:31+00:00\",\"mainEntityOfPage\":{\"@id\":\"https:\\\/\\\/sandalio.org\\\/sw\\\/2024\\\/03\\\/04\\\/voces-por-gaza-un-grito-contra-el-silencio-y-la-complicidad\\\/\"},\"wordCount\":338,\"commentCount\":0,\"publisher\":{\"@id\":\"https:\\\/\\\/sandalio.org\\\/sw\\\/#organization\"},\"image\":{\"@id\":\"https:\\\/\\\/sandalio.org\\\/sw\\\/2024\\\/03\\\/04\\\/voces-por-gaza-un-grito-contra-el-silencio-y-la-complicidad\\\/#primaryimage\"},\"thumbnailUrl\":\"https:\\\/\\\/i0.wp.com\\\/sandalio.org\\\/sw\\\/wp-content\\\/uploads\\\/2024\\\/03\\\/Gaza_1-scaled.jpg?fit=2560%2C1920&ssl=1\",\"articleSection\":[\"Blog\"],\"inLanguage\":\"es\",\"potentialAction\":[{\"@type\":\"CommentAction\",\"name\":\"Comment\",\"target\":[\"https:\\\/\\\/sandalio.org\\\/sw\\\/2024\\\/03\\\/04\\\/voces-por-gaza-un-grito-contra-el-silencio-y-la-complicidad\\\/#respond\"]}]},{\"@type\":\"WebPage\",\"@id\":\"https:\\\/\\\/sandalio.org\\\/sw\\\/2024\\\/03\\\/04\\\/voces-por-gaza-un-grito-contra-el-silencio-y-la-complicidad\\\/\",\"url\":\"https:\\\/\\\/sandalio.org\\\/sw\\\/2024\\\/03\\\/04\\\/voces-por-gaza-un-grito-contra-el-silencio-y-la-complicidad\\\/\",\"name\":\"Voces por Gaza: Un Grito Contra el Silencio y la Complicidad - SANDALIO WEBSITE\",\"isPartOf\":{\"@id\":\"https:\\\/\\\/sandalio.org\\\/sw\\\/#website\"},\"primaryImageOfPage\":{\"@id\":\"https:\\\/\\\/sandalio.org\\\/sw\\\/2024\\\/03\\\/04\\\/voces-por-gaza-un-grito-contra-el-silencio-y-la-complicidad\\\/#primaryimage\"},\"image\":{\"@id\":\"https:\\\/\\\/sandalio.org\\\/sw\\\/2024\\\/03\\\/04\\\/voces-por-gaza-un-grito-contra-el-silencio-y-la-complicidad\\\/#primaryimage\"},\"thumbnailUrl\":\"https:\\\/\\\/i0.wp.com\\\/sandalio.org\\\/sw\\\/wp-content\\\/uploads\\\/2024\\\/03\\\/Gaza_1-scaled.jpg?fit=2560%2C1920&ssl=1\",\"datePublished\":\"2024-03-04T22:08:57+00:00\",\"dateModified\":\"2024-03-04T22:13:31+00:00\",\"breadcrumb\":{\"@id\":\"https:\\\/\\\/sandalio.org\\\/sw\\\/2024\\\/03\\\/04\\\/voces-por-gaza-un-grito-contra-el-silencio-y-la-complicidad\\\/#breadcrumb\"},\"inLanguage\":\"es\",\"potentialAction\":[{\"@type\":\"ReadAction\",\"target\":[\"https:\\\/\\\/sandalio.org\\\/sw\\\/2024\\\/03\\\/04\\\/voces-por-gaza-un-grito-contra-el-silencio-y-la-complicidad\\\/\"]}]},{\"@type\":\"ImageObject\",\"inLanguage\":\"es\",\"@id\":\"https:\\\/\\\/sandalio.org\\\/sw\\\/2024\\\/03\\\/04\\\/voces-por-gaza-un-grito-contra-el-silencio-y-la-complicidad\\\/#primaryimage\",\"url\":\"https:\\\/\\\/i0.wp.com\\\/sandalio.org\\\/sw\\\/wp-content\\\/uploads\\\/2024\\\/03\\\/Gaza_1-scaled.jpg?fit=2560%2C1920&ssl=1\",\"contentUrl\":\"https:\\\/\\\/i0.wp.com\\\/sandalio.org\\\/sw\\\/wp-content\\\/uploads\\\/2024\\\/03\\\/Gaza_1-scaled.jpg?fit=2560%2C1920&ssl=1\",\"width\":2560,\"height\":1920,\"caption\":\"Un Grito Contra el Silencio\"},{\"@type\":\"BreadcrumbList\",\"@id\":\"https:\\\/\\\/sandalio.org\\\/sw\\\/2024\\\/03\\\/04\\\/voces-por-gaza-un-grito-contra-el-silencio-y-la-complicidad\\\/#breadcrumb\",\"itemListElement\":[{\"@type\":\"ListItem\",\"position\":1,\"name\":\"Portada\",\"item\":\"https:\\\/\\\/sandalio.org\\\/sw\\\/\"},{\"@type\":\"ListItem\",\"position\":2,\"name\":\"Voces por Gaza: Un Grito Contra el Silencio y la Complicidad\"}]},{\"@type\":\"WebSite\",\"@id\":\"https:\\\/\\\/sandalio.org\\\/sw\\\/#website\",\"url\":\"https:\\\/\\\/sandalio.org\\\/sw\\\/\",\"name\":\"SANDALIO WEBSITE\",\"description\":\"SANDALIO - LU\u00cdS CAMPUZANO\",\"publisher\":{\"@id\":\"https:\\\/\\\/sandalio.org\\\/sw\\\/#organization\"},\"potentialAction\":[{\"@type\":\"SearchAction\",\"target\":{\"@type\":\"EntryPoint\",\"urlTemplate\":\"https:\\\/\\\/sandalio.org\\\/sw\\\/?s={search_term_string}\"},\"query-input\":{\"@type\":\"PropertyValueSpecification\",\"valueRequired\":true,\"valueName\":\"search_term_string\"}}],\"inLanguage\":\"es\"},{\"@type\":\"Organization\",\"@id\":\"https:\\\/\\\/sandalio.org\\\/sw\\\/#organization\",\"name\":\"SANDALIO WEBSITE\",\"url\":\"https:\\\/\\\/sandalio.org\\\/sw\\\/\",\"logo\":{\"@type\":\"ImageObject\",\"inLanguage\":\"es\",\"@id\":\"https:\\\/\\\/sandalio.org\\\/sw\\\/#\\\/schema\\\/logo\\\/image\\\/\",\"url\":\"https:\\\/\\\/i0.wp.com\\\/sandalio.org\\\/sw\\\/wp-content\\\/uploads\\\/2019\\\/01\\\/logoasociacion_cdfye_web.png?fit=600%2C597&ssl=1\",\"contentUrl\":\"https:\\\/\\\/i0.wp.com\\\/sandalio.org\\\/sw\\\/wp-content\\\/uploads\\\/2019\\\/01\\\/logoasociacion_cdfye_web.png?fit=600%2C597&ssl=1\",\"width\":600,\"height\":597,\"caption\":\"SANDALIO WEBSITE\"},\"image\":{\"@id\":\"https:\\\/\\\/sandalio.org\\\/sw\\\/#\\\/schema\\\/logo\\\/image\\\/\"}},{\"@type\":\"Person\",\"@id\":\"https:\\\/\\\/sandalio.org\\\/sw\\\/#\\\/schema\\\/person\\\/19662efb74ec1a0c864e5c3f314d4b5e\",\"name\":\"kalonso\",\"image\":{\"@type\":\"ImageObject\",\"inLanguage\":\"es\",\"@id\":\"https:\\\/\\\/secure.gravatar.com\\\/avatar\\\/8dedfb85376f5619df87b798562554716430c51bdd4ee2c6cb09011dd04878a9?s=96&d=mm&r=g\",\"url\":\"https:\\\/\\\/secure.gravatar.com\\\/avatar\\\/8dedfb85376f5619df87b798562554716430c51bdd4ee2c6cb09011dd04878a9?s=96&d=mm&r=g\",\"contentUrl\":\"https:\\\/\\\/secure.gravatar.com\\\/avatar\\\/8dedfb85376f5619df87b798562554716430c51bdd4ee2c6cb09011dd04878a9?s=96&d=mm&r=g\",\"caption\":\"kalonso\"},\"url\":\"https:\\\/\\\/sandalio.org\\\/sw\\\/author\\\/kalonso\\\/\"}]}<\/script>\n<!-- \/ Yoast SEO plugin. -->","yoast_head_json":{"title":"Voces por Gaza: Un Grito Contra el Silencio y la Complicidad - SANDALIO WEBSITE","robots":{"index":"index","follow":"follow","max-snippet":"max-snippet:-1","max-image-preview":"max-image-preview:large","max-video-preview":"max-video-preview:-1"},"canonical":"https:\/\/sandalio.org\/sw\/2024\/03\/04\/voces-por-gaza-un-grito-contra-el-silencio-y-la-complicidad\/","og_locale":"es_ES","og_type":"article","og_title":"Voces por Gaza: Un Grito Contra el Silencio y la Complicidad - SANDALIO WEBSITE","og_description":"En un mundo a menudo oscurecido por titulares y ret\u00f3rica pol\u00edtica, las calles se convierten en un lienzo para aquellos sin voz. La reciente manifestaci\u00f3n capturada en estas fotograf\u00edas revela una narrativa conmovedora de solidaridad, paz y un rechazo inquebrantable a la complicidad en la injusticia. Los carteles, audaces y sin rodeos, llevan mensajes que [&hellip;]","og_url":"https:\/\/sandalio.org\/sw\/2024\/03\/04\/voces-por-gaza-un-grito-contra-el-silencio-y-la-complicidad\/","og_site_name":"SANDALIO WEBSITE","article_published_time":"2024-03-04T22:08:57+00:00","article_modified_time":"2024-03-04T22:13:31+00:00","og_image":[{"width":2560,"height":1920,"url":"https:\/\/i0.wp.com\/sandalio.org\/sw\/wp-content\/uploads\/2024\/03\/Gaza_1-scaled.jpg?fit=2560%2C1920&ssl=1","type":"image\/jpeg"}],"author":"kalonso","twitter_card":"summary_large_image","twitter_misc":{"Escrito por":"kalonso","Tiempo de lectura":"2 minutos"},"schema":{"@context":"https:\/\/schema.org","@graph":[{"@type":"Article","@id":"https:\/\/sandalio.org\/sw\/2024\/03\/04\/voces-por-gaza-un-grito-contra-el-silencio-y-la-complicidad\/#article","isPartOf":{"@id":"https:\/\/sandalio.org\/sw\/2024\/03\/04\/voces-por-gaza-un-grito-contra-el-silencio-y-la-complicidad\/"},"author":{"name":"kalonso","@id":"https:\/\/sandalio.org\/sw\/#\/schema\/person\/19662efb74ec1a0c864e5c3f314d4b5e"},"headline":"Voces por Gaza: Un Grito Contra el Silencio y la Complicidad","datePublished":"2024-03-04T22:08:57+00:00","dateModified":"2024-03-04T22:13:31+00:00","mainEntityOfPage":{"@id":"https:\/\/sandalio.org\/sw\/2024\/03\/04\/voces-por-gaza-un-grito-contra-el-silencio-y-la-complicidad\/"},"wordCount":338,"commentCount":0,"publisher":{"@id":"https:\/\/sandalio.org\/sw\/#organization"},"image":{"@id":"https:\/\/sandalio.org\/sw\/2024\/03\/04\/voces-por-gaza-un-grito-contra-el-silencio-y-la-complicidad\/#primaryimage"},"thumbnailUrl":"https:\/\/i0.wp.com\/sandalio.org\/sw\/wp-content\/uploads\/2024\/03\/Gaza_1-scaled.jpg?fit=2560%2C1920&ssl=1","articleSection":["Blog"],"inLanguage":"es","potentialAction":[{"@type":"CommentAction","name":"Comment","target":["https:\/\/sandalio.org\/sw\/2024\/03\/04\/voces-por-gaza-un-grito-contra-el-silencio-y-la-complicidad\/#respond"]}]},{"@type":"WebPage","@id":"https:\/\/sandalio.org\/sw\/2024\/03\/04\/voces-por-gaza-un-grito-contra-el-silencio-y-la-complicidad\/","url":"https:\/\/sandalio.org\/sw\/2024\/03\/04\/voces-por-gaza-un-grito-contra-el-silencio-y-la-complicidad\/","name":"Voces por Gaza: Un Grito Contra el Silencio y la Complicidad - SANDALIO WEBSITE","isPartOf":{"@id":"https:\/\/sandalio.org\/sw\/#website"},"primaryImageOfPage":{"@id":"https:\/\/sandalio.org\/sw\/2024\/03\/04\/voces-por-gaza-un-grito-contra-el-silencio-y-la-complicidad\/#primaryimage"},"image":{"@id":"https:\/\/sandalio.org\/sw\/2024\/03\/04\/voces-por-gaza-un-grito-contra-el-silencio-y-la-complicidad\/#primaryimage"},"thumbnailUrl":"https:\/\/i0.wp.com\/sandalio.org\/sw\/wp-content\/uploads\/2024\/03\/Gaza_1-scaled.jpg?fit=2560%2C1920&ssl=1","datePublished":"2024-03-04T22:08:57+00:00","dateModified":"2024-03-04T22:13:31+00:00","breadcrumb":{"@id":"https:\/\/sandalio.org\/sw\/2024\/03\/04\/voces-por-gaza-un-grito-contra-el-silencio-y-la-complicidad\/#breadcrumb"},"inLanguage":"es","potentialAction":[{"@type":"ReadAction","target":["https:\/\/sandalio.org\/sw\/2024\/03\/04\/voces-por-gaza-un-grito-contra-el-silencio-y-la-complicidad\/"]}]},{"@type":"ImageObject","inLanguage":"es","@id":"https:\/\/sandalio.org\/sw\/2024\/03\/04\/voces-por-gaza-un-grito-contra-el-silencio-y-la-complicidad\/#primaryimage","url":"https:\/\/i0.wp.com\/sandalio.org\/sw\/wp-content\/uploads\/2024\/03\/Gaza_1-scaled.jpg?fit=2560%2C1920&ssl=1","contentUrl":"https:\/\/i0.wp.com\/sandalio.org\/sw\/wp-content\/uploads\/2024\/03\/Gaza_1-scaled.jpg?fit=2560%2C1920&ssl=1","width":2560,"height":1920,"caption":"Un Grito Contra el Silencio"},{"@type":"BreadcrumbList","@id":"https:\/\/sandalio.org\/sw\/2024\/03\/04\/voces-por-gaza-un-grito-contra-el-silencio-y-la-complicidad\/#breadcrumb","itemListElement":[{"@type":"ListItem","position":1,"name":"Portada","item":"https:\/\/sandalio.org\/sw\/"},{"@type":"ListItem","position":2,"name":"Voces por Gaza: Un Grito Contra el Silencio y la Complicidad"}]},{"@type":"WebSite","@id":"https:\/\/sandalio.org\/sw\/#website","url":"https:\/\/sandalio.org\/sw\/","name":"SANDALIO WEBSITE","description":"SANDALIO - LU\u00cdS CAMPUZANO","publisher":{"@id":"https:\/\/sandalio.org\/sw\/#organization"},"potentialAction":[{"@type":"SearchAction","target":{"@type":"EntryPoint","urlTemplate":"https:\/\/sandalio.org\/sw\/?s={search_term_string}"},"query-input":{"@type":"PropertyValueSpecification","valueRequired":true,"valueName":"search_term_string"}}],"inLanguage":"es"},{"@type":"Organization","@id":"https:\/\/sandalio.org\/sw\/#organization","name":"SANDALIO WEBSITE","url":"https:\/\/sandalio.org\/sw\/","logo":{"@type":"ImageObject","inLanguage":"es","@id":"https:\/\/sandalio.org\/sw\/#\/schema\/logo\/image\/","url":"https:\/\/i0.wp.com\/sandalio.org\/sw\/wp-content\/uploads\/2019\/01\/logoasociacion_cdfye_web.png?fit=600%2C597&ssl=1","contentUrl":"https:\/\/i0.wp.com\/sandalio.org\/sw\/wp-content\/uploads\/2019\/01\/logoasociacion_cdfye_web.png?fit=600%2C597&ssl=1","width":600,"height":597,"caption":"SANDALIO WEBSITE"},"image":{"@id":"https:\/\/sandalio.org\/sw\/#\/schema\/logo\/image\/"}},{"@type":"Person","@id":"https:\/\/sandalio.org\/sw\/#\/schema\/person\/19662efb74ec1a0c864e5c3f314d4b5e","name":"kalonso","image":{"@type":"ImageObject","inLanguage":"es","@id":"https:\/\/secure.gravatar.com\/avatar\/8dedfb85376f5619df87b798562554716430c51bdd4ee2c6cb09011dd04878a9?s=96&d=mm&r=g","url":"https:\/\/secure.gravatar.com\/avatar\/8dedfb85376f5619df87b798562554716430c51bdd4ee2c6cb09011dd04878a9?s=96&d=mm&r=g","contentUrl":"https:\/\/secure.gravatar.com\/avatar\/8dedfb85376f5619df87b798562554716430c51bdd4ee2c6cb09011dd04878a9?s=96&d=mm&r=g","caption":"kalonso"},"url":"https:\/\/sandalio.org\/sw\/author\/kalonso\/"}]}},"jetpack_publicize_connections":[],"jetpack_featured_media_url":"https:\/\/i0.wp.com\/sandalio.org\/sw\/wp-content\/uploads\/2024\/03\/Gaza_1-scaled.jpg?fit=2560%2C1920&ssl=1","jetpack_sharing_enabled":true,"jetpack_shortlink":"https:\/\/wp.me\/pabpdT-fI","jetpack-related-posts":[{"id":894,"url":"https:\/\/sandalio.org\/sw\/2022\/05\/09\/en-el-camino-de-la-vida\/","url_meta":{"origin":974,"position":0},"title":"EN EL CAMINO DE LA VIDA","author":"kalonso","date":"9 mayo, 2022","format":false,"excerpt":"ENCUENTROS PARA ESTE VERANO Hola amig@s, desde nuestra casa de Lloreda, y confiando en que el virus nos va a permitir ya reencontrarnos con la gente y sin mascarilla, hemos decidido convocar un par de encuentros para este verano. El primero tratar\u00eda de autoconocimiento\u00a0 y podr\u00edamos\u00a0 compartir experiencias sobre la\u2026","rel":"","context":"En \u00abEscuela de Espiritualidad\u00bb","block_context":{"text":"Escuela de Espiritualidad","link":"https:\/\/sandalio.org\/sw\/category\/espiritualidad\/"},"img":{"alt_text":"","src":"https:\/\/i0.wp.com\/sandalio.org\/sw\/wp-content\/uploads\/2022\/05\/SANDALIO_ENCUENTRO_1.png?fit=1200%2C667&ssl=1&resize=350%2C200","width":350,"height":200,"srcset":"https:\/\/i0.wp.com\/sandalio.org\/sw\/wp-content\/uploads\/2022\/05\/SANDALIO_ENCUENTRO_1.png?fit=1200%2C667&ssl=1&resize=350%2C200 1x, https:\/\/i0.wp.com\/sandalio.org\/sw\/wp-content\/uploads\/2022\/05\/SANDALIO_ENCUENTRO_1.png?fit=1200%2C667&ssl=1&resize=525%2C300 1.5x, https:\/\/i0.wp.com\/sandalio.org\/sw\/wp-content\/uploads\/2022\/05\/SANDALIO_ENCUENTRO_1.png?fit=1200%2C667&ssl=1&resize=700%2C400 2x, https:\/\/i0.wp.com\/sandalio.org\/sw\/wp-content\/uploads\/2022\/05\/SANDALIO_ENCUENTRO_1.png?fit=1200%2C667&ssl=1&resize=1050%2C600 3x"},"classes":[]},{"id":241,"url":"https:\/\/sandalio.org\/sw\/2020\/08\/25\/presentacion-de-la-web\/","url_meta":{"origin":974,"position":1},"title":"PRESENTACI\u00d3N DE LA WEB","author":"kalonso","date":"25 agosto, 2020","format":false,"excerpt":"Este espacio quiere presentar tanto las obras de Sandalio (la elecci\u00f3n del nombre para la web\u00a0no es tanto por protagonismo sino por facilidad para buscarlo en la red) como la realidad de esta asociaci\u00f3n que hace posible nuestra actividad principal de acogida de personas.Esta acogida se refiere tanto a personas\u2026","rel":"","context":"En \u00abGeneral\u00bb","block_context":{"text":"General","link":"https:\/\/sandalio.org\/sw\/category\/general\/"},"img":{"alt_text":"","src":"https:\/\/i0.wp.com\/sandalio.org\/sw\/wp-content\/uploads\/2020\/08\/porsche-005.jpg?fit=1200%2C900&ssl=1&resize=350%2C200","width":350,"height":200,"srcset":"https:\/\/i0.wp.com\/sandalio.org\/sw\/wp-content\/uploads\/2020\/08\/porsche-005.jpg?fit=1200%2C900&ssl=1&resize=350%2C200 1x, https:\/\/i0.wp.com\/sandalio.org\/sw\/wp-content\/uploads\/2020\/08\/porsche-005.jpg?fit=1200%2C900&ssl=1&resize=525%2C300 1.5x, https:\/\/i0.wp.com\/sandalio.org\/sw\/wp-content\/uploads\/2020\/08\/porsche-005.jpg?fit=1200%2C900&ssl=1&resize=700%2C400 2x, https:\/\/i0.wp.com\/sandalio.org\/sw\/wp-content\/uploads\/2020\/08\/porsche-005.jpg?fit=1200%2C900&ssl=1&resize=1050%2C600 3x"},"classes":[]},{"id":981,"url":"https:\/\/sandalio.org\/sw\/2024\/03\/04\/una-tarde-con-sandalio-libros-que-trazan-rutas-de-vida\/","url_meta":{"origin":974,"position":2},"title":"Una tarde con Sandalio: Libros que trazan rutas de vida","author":"kalonso","date":"4 marzo, 2024","format":false,"excerpt":"\ud83d\udcda\u2728 Luis Campuzano, m\u00e1s conocido como Sandalio, nos invita a un viaje literario en la Casa de Cultura Hermilio Alcalde del R\u00edo. Descubre los caminos que sus \u00faltimas obras despliegan ante nosotros en un coloquio vibrante y sincero, acompa\u00f1ado por el talentoso artista Mario San Miguel. \ud83d\udd8c\ufe0f\ud83d\udcd6 Fecha: Martes, 5\u2026","rel":"","context":"En \u00abANUNCIO\u00bb","block_context":{"text":"ANUNCIO","link":"https:\/\/sandalio.org\/sw\/category\/anuncio\/"},"img":{"alt_text":"","src":"https:\/\/i0.wp.com\/sandalio.org\/sw\/wp-content\/uploads\/2024\/03\/presentacion-1-e1709591032274.png?fit=625%2C292&ssl=1&resize=350%2C200","width":350,"height":200,"srcset":"https:\/\/i0.wp.com\/sandalio.org\/sw\/wp-content\/uploads\/2024\/03\/presentacion-1-e1709591032274.png?fit=625%2C292&ssl=1&resize=350%2C200 1x, https:\/\/i0.wp.com\/sandalio.org\/sw\/wp-content\/uploads\/2024\/03\/presentacion-1-e1709591032274.png?fit=625%2C292&ssl=1&resize=525%2C300 1.5x"},"classes":[]},{"id":820,"url":"https:\/\/sandalio.org\/sw\/2022\/03\/12\/bulo-ya-estamos-muy-cerca-de-la-paz\/","url_meta":{"origin":974,"position":3},"title":"BULO: YA ESTAMOS MUY CERCA DE LA PAZ.","author":"kalonso","date":"12 marzo, 2022","format":false,"excerpt":"Las \u00faltimas y sorprendentes noticias que nos llegan de Norteam\u00e9rica y de Bruselas\u00a0 nos confirman nuestros deseos m\u00e1s \u00edntimos, esos que no siempre estamos dispuestos a expresar: estamos ya muy cerca de la Paz. La iniciativa parece ser que ha partido del presidente de EEUU que esta misma ma\u00f1ana ha\u2026","rel":"","context":"En \u00abBlog\u00bb","block_context":{"text":"Blog","link":"https:\/\/sandalio.org\/sw\/category\/blog\/"},"img":{"alt_text":"","src":"https:\/\/i0.wp.com\/sandalio.org\/sw\/wp-content\/uploads\/2022\/03\/D29BD9AC-8839-4E1D-ACD1-164D31FCC60D.jpeg?fit=462%2C537&ssl=1&resize=350%2C200","width":350,"height":200},"classes":[]},{"id":265,"url":"https:\/\/sandalio.org\/sw\/2020\/08\/25\/inauguracion-de-la-casa-de-todos-2013\/","url_meta":{"origin":974,"position":4},"title":"INAUGURACI\u00d3N DE \u00abLA CASA DE TODOS\u00bb. 2013","author":"kalonso","date":"25 agosto, 2020","format":false,"excerpt":"Inauguraci\u00f3n del 22 del agosto de 2013 de \"LA CASA DE TODOS\" de la Asociaci\u00f3n Camino de Fe y Esperanza. Arquitecto: Miguel \u00c1ngel Montes. Desarrollador: Luis Campuzano, Sandalio. Constructores: Comunidad de Camino de Fe y Esperanza y amigos colaboradores. Montaje y edici\u00f3n del V\u00eddeo: Antonio Campuzano. SIGUE NUESTRO CANAL DE\u2026","rel":"","context":"En \u00abEscuela de Hospitalidad\u00bb","block_context":{"text":"Escuela de Hospitalidad","link":"https:\/\/sandalio.org\/sw\/category\/hospitalidad\/"},"img":{"alt_text":"","src":"https:\/\/i0.wp.com\/sandalio.org\/sw\/wp-content\/uploads\/2020\/08\/video.png?fit=1200%2C623&ssl=1&resize=350%2C200","width":350,"height":200,"srcset":"https:\/\/i0.wp.com\/sandalio.org\/sw\/wp-content\/uploads\/2020\/08\/video.png?fit=1200%2C623&ssl=1&resize=350%2C200 1x, https:\/\/i0.wp.com\/sandalio.org\/sw\/wp-content\/uploads\/2020\/08\/video.png?fit=1200%2C623&ssl=1&resize=525%2C300 1.5x, https:\/\/i0.wp.com\/sandalio.org\/sw\/wp-content\/uploads\/2020\/08\/video.png?fit=1200%2C623&ssl=1&resize=700%2C400 2x, https:\/\/i0.wp.com\/sandalio.org\/sw\/wp-content\/uploads\/2020\/08\/video.png?fit=1200%2C623&ssl=1&resize=1050%2C600 3x"},"classes":[]}],"_links":{"self":[{"href":"https:\/\/sandalio.org\/sw\/wp-json\/wp\/v2\/posts\/974","targetHints":{"allow":["GET"]}}],"collection":[{"href":"https:\/\/sandalio.org\/sw\/wp-json\/wp\/v2\/posts"}],"about":[{"href":"https:\/\/sandalio.org\/sw\/wp-json\/wp\/v2\/types\/post"}],"author":[{"embeddable":true,"href":"https:\/\/sandalio.org\/sw\/wp-json\/wp\/v2\/users\/1"}],"replies":[{"embeddable":true,"href":"https:\/\/sandalio.org\/sw\/wp-json\/wp\/v2\/comments?post=974"}],"version-history":[{"count":4,"href":"https:\/\/sandalio.org\/sw\/wp-json\/wp\/v2\/posts\/974\/revisions"}],"predecessor-version":[{"id":980,"href":"https:\/\/sandalio.org\/sw\/wp-json\/wp\/v2\/posts\/974\/revisions\/980"}],"wp:featuredmedia":[{"embeddable":true,"href":"https:\/\/sandalio.org\/sw\/wp-json\/wp\/v2\/media\/975"}],"wp:attachment":[{"href":"https:\/\/sandalio.org\/sw\/wp-json\/wp\/v2\/media?parent=974"}],"wp:term":[{"taxonomy":"category","embeddable":true,"href":"https:\/\/sandalio.org\/sw\/wp-json\/wp\/v2\/categories?post=974"},{"taxonomy":"post_tag","embeddable":true,"href":"https:\/\/sandalio.org\/sw\/wp-json\/wp\/v2\/tags?post=974"}],"curies":[{"name":"wp","href":"https:\/\/api.w.org\/{rel}","templated":true}]}}