{"id":981,"date":"2024-03-04T22:21:22","date_gmt":"2024-03-04T22:21:22","guid":{"rendered":"https:\/\/sandalio.org\/sw\/?p=981"},"modified":"2024-03-04T22:42:35","modified_gmt":"2024-03-04T22:42:35","slug":"una-tarde-con-sandalio-libros-que-trazan-rutas-de-vida","status":"publish","type":"post","link":"https:\/\/sandalio.org\/sw\/2024\/03\/04\/una-tarde-con-sandalio-libros-que-trazan-rutas-de-vida\/","title":{"rendered":"Una tarde con Sandalio: Libros que trazan rutas de vida"},"content":{"rendered":"\t\t<div data-elementor-type=\"wp-post\" data-elementor-id=\"981\" class=\"elementor elementor-981\" data-elementor-post-type=\"post\">\n\t\t\t\t\t\t<section class=\"elementor-section elementor-top-section elementor-element elementor-element-358ad0f8 elementor-section-boxed elementor-section-height-default elementor-section-height-default\" data-id=\"358ad0f8\" data-element_type=\"section\" data-e-type=\"section\">\n\t\t\t\t\t\t<div class=\"elementor-container elementor-column-gap-default\">\n\t\t\t\t\t<div class=\"elementor-column elementor-col-100 elementor-top-column elementor-element elementor-element-42856baf\" data-id=\"42856baf\" data-element_type=\"column\" data-e-type=\"column\">\n\t\t\t<div class=\"elementor-widget-wrap elementor-element-populated\">\n\t\t\t\t\t\t<div class=\"elementor-element elementor-element-e8222b1 elementor-widget elementor-widget-text-editor\" data-id=\"e8222b1\" data-element_type=\"widget\" data-e-type=\"widget\" data-widget_type=\"text-editor.default\">\n\t\t\t\t<div class=\"elementor-widget-container\">\n\t\t\t\t\t\t\t\t\t<p>\ud83d\udcda\u2728 <b>Luis Campuzano<\/b>, m\u00e1s conocido como <b>Sandalio<\/b>, nos invita a un viaje literario en la <b>Casa de Cultura Hermilio Alcalde del R\u00edo<\/b>. Descubre los caminos que sus \u00faltimas obras despliegan ante nosotros en un coloquio vibrante y sincero, acompa\u00f1ado por el talentoso artista <b>Mario San Miguel<\/b>. \ud83d\udd8c\ufe0f\ud83d\udcd6<\/p><ul><li><strong>Fecha<\/strong>: Martes, 5 de marzo<\/li><li><strong>Hora<\/strong>: 19:00 h<\/li><li><strong>Lugar<\/strong>: Casa de Cultura Hermilio Alcalde del R\u00edo, Torrelavega<\/li><li><strong>Entrada<\/strong>: Gratuita hasta completar aforo<\/li><\/ul><p>\u00a0<\/p><p>Sum\u00e9rgete en las historias que conforman nuestro andar y celebra la cultura en Torrelavega. #SandalioLibros #EncuentroConElAutor #CulturaViva<\/p>\t\t\t\t\t\t\t\t<\/div>\n\t\t\t\t<\/div>\n\t\t\t\t\t<\/div>\n\t\t<\/div>\n\t\t\t\t\t<\/div>\n\t\t<\/section>\n\t\t\t\t<section class=\"elementor-section elementor-top-section elementor-element elementor-element-30f71b5 elementor-section-boxed elementor-section-height-default elementor-section-height-default\" data-id=\"30f71b5\" data-element_type=\"section\" data-e-type=\"section\">\n\t\t\t\t\t\t<div class=\"elementor-container elementor-column-gap-default\">\n\t\t\t\t\t<div class=\"elementor-column elementor-col-33 elementor-top-column elementor-element elementor-element-4251c7c\" data-id=\"4251c7c\" data-element_type=\"column\" data-e-type=\"column\">\n\t\t\t<div class=\"elementor-widget-wrap\">\n\t\t\t\t\t\t\t<\/div>\n\t\t<\/div>\n\t\t\t\t<div class=\"elementor-column elementor-col-33 elementor-top-column elementor-element elementor-element-03ba3d3\" data-id=\"03ba3d3\" data-element_type=\"column\" data-e-type=\"column\">\n\t\t\t<div class=\"elementor-widget-wrap elementor-element-populated\">\n\t\t\t\t\t\t<div class=\"elementor-element elementor-element-77b5a54 elementor-widget elementor-widget-image\" data-id=\"77b5a54\" data-element_type=\"widget\" data-e-type=\"widget\" data-widget_type=\"image.default\">\n\t\t\t\t<div class=\"elementor-widget-container\">\n\t\t\t\t\t\t\t\t\t\t\t\t\t\t\t<img fetchpriority=\"high\" decoding=\"async\" data-attachment-id=\"982\" data-permalink=\"https:\/\/sandalio.org\/sw\/2024\/03\/04\/una-tarde-con-sandalio-libros-que-trazan-rutas-de-vida\/presentacion\/\" data-orig-file=\"https:\/\/i0.wp.com\/sandalio.org\/sw\/wp-content\/uploads\/2024\/03\/presentacion.png?fit=667%2C940&amp;ssl=1\" data-orig-size=\"667,940\" data-comments-opened=\"1\" data-image-meta=\"{&quot;aperture&quot;:&quot;0&quot;,&quot;credit&quot;:&quot;&quot;,&quot;camera&quot;:&quot;&quot;,&quot;caption&quot;:&quot;&quot;,&quot;created_timestamp&quot;:&quot;0&quot;,&quot;copyright&quot;:&quot;&quot;,&quot;focal_length&quot;:&quot;0&quot;,&quot;iso&quot;:&quot;0&quot;,&quot;shutter_speed&quot;:&quot;0&quot;,&quot;title&quot;:&quot;&quot;,&quot;orientation&quot;:&quot;0&quot;}\" data-image-title=\"presentacion\" data-image-description=\"\" data-image-caption=\"\" data-large-file=\"https:\/\/i0.wp.com\/sandalio.org\/sw\/wp-content\/uploads\/2024\/03\/presentacion.png?fit=667%2C940&amp;ssl=1\" width=\"667\" height=\"940\" src=\"https:\/\/i0.wp.com\/sandalio.org\/sw\/wp-content\/uploads\/2024\/03\/presentacion.png?fit=667%2C940&amp;ssl=1\" class=\"attachment-large size-large wp-image-982\" alt=\"Presentaci\u00f3n de Libro\" srcset=\"https:\/\/i0.wp.com\/sandalio.org\/sw\/wp-content\/uploads\/2024\/03\/presentacion.png?w=667&amp;ssl=1 667w, https:\/\/i0.wp.com\/sandalio.org\/sw\/wp-content\/uploads\/2024\/03\/presentacion.png?resize=213%2C300&amp;ssl=1 213w\" sizes=\"(max-width: 667px) 100vw, 667px\" data-attachment-id=\"982\" data-permalink=\"https:\/\/sandalio.org\/sw\/2024\/03\/04\/una-tarde-con-sandalio-libros-que-trazan-rutas-de-vida\/presentacion\/\" data-orig-file=\"https:\/\/i0.wp.com\/sandalio.org\/sw\/wp-content\/uploads\/2024\/03\/presentacion.png?fit=667%2C940&amp;ssl=1\" data-orig-size=\"667,940\" data-comments-opened=\"1\" data-image-meta=\"{&quot;aperture&quot;:&quot;0&quot;,&quot;credit&quot;:&quot;&quot;,&quot;camera&quot;:&quot;&quot;,&quot;caption&quot;:&quot;&quot;,&quot;created_timestamp&quot;:&quot;0&quot;,&quot;copyright&quot;:&quot;&quot;,&quot;focal_length&quot;:&quot;0&quot;,&quot;iso&quot;:&quot;0&quot;,&quot;shutter_speed&quot;:&quot;0&quot;,&quot;title&quot;:&quot;&quot;,&quot;orientation&quot;:&quot;0&quot;}\" data-image-title=\"presentacion\" data-image-description=\"\" data-image-caption=\"\" data-large-file=\"https:\/\/i0.wp.com\/sandalio.org\/sw\/wp-content\/uploads\/2024\/03\/presentacion.png?fit=667%2C940&amp;ssl=1\" \/>\t\t\t\t\t\t\t\t\t\t\t\t\t\t\t<\/div>\n\t\t\t\t<\/div>\n\t\t\t\t\t<\/div>\n\t\t<\/div>\n\t\t\t\t<div class=\"elementor-column elementor-col-33 elementor-top-column elementor-element elementor-element-679a819\" data-id=\"679a819\" data-element_type=\"column\" data-e-type=\"column\">\n\t\t\t<div class=\"elementor-widget-wrap\">\n\t\t\t\t\t\t\t<\/div>\n\t\t<\/div>\n\t\t\t\t\t<\/div>\n\t\t<\/section>\n\t\t\t\t<\/div>\n\t\t","protected":false},"excerpt":{"rendered":"<p>\ud83d\udcda\u2728 Luis Campuzano, m\u00e1s conocido como Sandalio, nos invita a un viaje literario en la Casa de Cultura Hermilio Alcalde del R\u00edo. Descubre los caminos que sus \u00faltimas obras despliegan ante nosotros en un coloquio vibrante y sincero, acompa\u00f1ado por el talentoso artista Mario San Miguel. \ud83d\udd8c\ufe0f\ud83d\udcd6 Fecha: Martes, 5 de marzo Hora: 19:00 h [&hellip;]<\/p>\n","protected":false},"author":1,"featured_media":992,"comment_status":"open","ping_status":"open","sticky":false,"template":"","format":"standard","meta":{"jetpack_post_was_ever_published":false,"_jetpack_newsletter_access":"","_jetpack_dont_email_post_to_subs":false,"_jetpack_newsletter_tier_id":0,"_jetpack_memberships_contains_paywalled_content":false,"_jetpack_memberships_contains_paid_content":false,"footnotes":"","jetpack_publicize_message":"","jetpack_publicize_feature_enabled":true,"jetpack_social_post_already_shared":true,"jetpack_social_options":{"image_generator_settings":{"template":"highway","default_image_id":0,"font":"","enabled":false},"version":2}},"categories":[23],"tags":[],"class_list":["post-981","post","type-post","status-publish","format-standard","has-post-thumbnail","hentry","category-anuncio"],"yoast_head":"<!-- This site is optimized with the Yoast SEO plugin v27.4 - https:\/\/yoast.com\/product\/yoast-seo-wordpress\/ -->\n<title>Una tarde con Sandalio: Libros que trazan rutas de vida - SANDALIO WEBSITE<\/title>\n<meta name=\"description\" content=\"Una tarde con Sandalio: Libros que trazan rutas de vida. Presentaci\u00f3n de los \u00faltimos libros de Luis Campuzano, Sandalio. No te lo pierdas.\" \/>\n<meta name=\"robots\" content=\"index, follow, max-snippet:-1, max-image-preview:large, max-video-preview:-1\" \/>\n<link rel=\"canonical\" href=\"https:\/\/sandalio.org\/sw\/2024\/03\/04\/una-tarde-con-sandalio-libros-que-trazan-rutas-de-vida\/\" \/>\n<meta property=\"og:locale\" content=\"es_ES\" \/>\n<meta property=\"og:type\" content=\"article\" \/>\n<meta property=\"og:title\" content=\"Una tarde con Sandalio: Libros que trazan rutas de vida - SANDALIO WEBSITE\" \/>\n<meta property=\"og:description\" content=\"Una tarde con Sandalio: Libros que trazan rutas de vida. Presentaci\u00f3n de los \u00faltimos libros de Luis Campuzano, Sandalio. No te lo pierdas.\" \/>\n<meta property=\"og:url\" content=\"https:\/\/sandalio.org\/sw\/2024\/03\/04\/una-tarde-con-sandalio-libros-que-trazan-rutas-de-vida\/\" \/>\n<meta property=\"og:site_name\" content=\"SANDALIO WEBSITE\" \/>\n<meta property=\"article:published_time\" content=\"2024-03-04T22:21:22+00:00\" \/>\n<meta property=\"article:modified_time\" content=\"2024-03-04T22:42:35+00:00\" \/>\n<meta property=\"og:image\" content=\"https:\/\/i0.wp.com\/sandalio.org\/sw\/wp-content\/uploads\/2024\/03\/presentacion-1-e1709591032274.png?fit=625%2C292&ssl=1\" \/>\n\t<meta property=\"og:image:width\" content=\"625\" \/>\n\t<meta property=\"og:image:height\" content=\"292\" \/>\n\t<meta property=\"og:image:type\" content=\"image\/png\" \/>\n<meta name=\"author\" content=\"kalonso\" \/>\n<meta name=\"twitter:card\" content=\"summary_large_image\" \/>\n<meta name=\"twitter:label1\" content=\"Escrito por\" \/>\n\t<meta name=\"twitter:data1\" content=\"kalonso\" \/>\n\t<meta name=\"twitter:label2\" content=\"Tiempo de lectura\" \/>\n\t<meta name=\"twitter:data2\" content=\"1 minuto\" \/>\n<script type=\"application\/ld+json\" class=\"yoast-schema-graph\">{\"@context\":\"https:\\\/\\\/schema.org\",\"@graph\":[{\"@type\":\"Article\",\"@id\":\"https:\\\/\\\/sandalio.org\\\/sw\\\/2024\\\/03\\\/04\\\/una-tarde-con-sandalio-libros-que-trazan-rutas-de-vida\\\/#article\",\"isPartOf\":{\"@id\":\"https:\\\/\\\/sandalio.org\\\/sw\\\/2024\\\/03\\\/04\\\/una-tarde-con-sandalio-libros-que-trazan-rutas-de-vida\\\/\"},\"author\":{\"name\":\"kalonso\",\"@id\":\"https:\\\/\\\/sandalio.org\\\/sw\\\/#\\\/schema\\\/person\\\/19662efb74ec1a0c864e5c3f314d4b5e\"},\"headline\":\"Una tarde con Sandalio: Libros que trazan rutas de vida\",\"datePublished\":\"2024-03-04T22:21:22+00:00\",\"dateModified\":\"2024-03-04T22:42:35+00:00\",\"mainEntityOfPage\":{\"@id\":\"https:\\\/\\\/sandalio.org\\\/sw\\\/2024\\\/03\\\/04\\\/una-tarde-con-sandalio-libros-que-trazan-rutas-de-vida\\\/\"},\"wordCount\":97,\"commentCount\":0,\"publisher\":{\"@id\":\"https:\\\/\\\/sandalio.org\\\/sw\\\/#organization\"},\"image\":{\"@id\":\"https:\\\/\\\/sandalio.org\\\/sw\\\/2024\\\/03\\\/04\\\/una-tarde-con-sandalio-libros-que-trazan-rutas-de-vida\\\/#primaryimage\"},\"thumbnailUrl\":\"https:\\\/\\\/i0.wp.com\\\/sandalio.org\\\/sw\\\/wp-content\\\/uploads\\\/2024\\\/03\\\/presentacion-1-e1709591032274.png?fit=625%2C292&ssl=1\",\"articleSection\":[\"ANUNCIO\"],\"inLanguage\":\"es\",\"potentialAction\":[{\"@type\":\"CommentAction\",\"name\":\"Comment\",\"target\":[\"https:\\\/\\\/sandalio.org\\\/sw\\\/2024\\\/03\\\/04\\\/una-tarde-con-sandalio-libros-que-trazan-rutas-de-vida\\\/#respond\"]}]},{\"@type\":\"WebPage\",\"@id\":\"https:\\\/\\\/sandalio.org\\\/sw\\\/2024\\\/03\\\/04\\\/una-tarde-con-sandalio-libros-que-trazan-rutas-de-vida\\\/\",\"url\":\"https:\\\/\\\/sandalio.org\\\/sw\\\/2024\\\/03\\\/04\\\/una-tarde-con-sandalio-libros-que-trazan-rutas-de-vida\\\/\",\"name\":\"Una tarde con Sandalio: Libros que trazan rutas de vida - SANDALIO WEBSITE\",\"isPartOf\":{\"@id\":\"https:\\\/\\\/sandalio.org\\\/sw\\\/#website\"},\"primaryImageOfPage\":{\"@id\":\"https:\\\/\\\/sandalio.org\\\/sw\\\/2024\\\/03\\\/04\\\/una-tarde-con-sandalio-libros-que-trazan-rutas-de-vida\\\/#primaryimage\"},\"image\":{\"@id\":\"https:\\\/\\\/sandalio.org\\\/sw\\\/2024\\\/03\\\/04\\\/una-tarde-con-sandalio-libros-que-trazan-rutas-de-vida\\\/#primaryimage\"},\"thumbnailUrl\":\"https:\\\/\\\/i0.wp.com\\\/sandalio.org\\\/sw\\\/wp-content\\\/uploads\\\/2024\\\/03\\\/presentacion-1-e1709591032274.png?fit=625%2C292&ssl=1\",\"datePublished\":\"2024-03-04T22:21:22+00:00\",\"dateModified\":\"2024-03-04T22:42:35+00:00\",\"description\":\"Una tarde con Sandalio: Libros que trazan rutas de vida. Presentaci\u00f3n de los \u00faltimos libros de Luis Campuzano, Sandalio. No te lo pierdas.\",\"breadcrumb\":{\"@id\":\"https:\\\/\\\/sandalio.org\\\/sw\\\/2024\\\/03\\\/04\\\/una-tarde-con-sandalio-libros-que-trazan-rutas-de-vida\\\/#breadcrumb\"},\"inLanguage\":\"es\",\"potentialAction\":[{\"@type\":\"ReadAction\",\"target\":[\"https:\\\/\\\/sandalio.org\\\/sw\\\/2024\\\/03\\\/04\\\/una-tarde-con-sandalio-libros-que-trazan-rutas-de-vida\\\/\"]}]},{\"@type\":\"ImageObject\",\"inLanguage\":\"es\",\"@id\":\"https:\\\/\\\/sandalio.org\\\/sw\\\/2024\\\/03\\\/04\\\/una-tarde-con-sandalio-libros-que-trazan-rutas-de-vida\\\/#primaryimage\",\"url\":\"https:\\\/\\\/i0.wp.com\\\/sandalio.org\\\/sw\\\/wp-content\\\/uploads\\\/2024\\\/03\\\/presentacion-1-e1709591032274.png?fit=625%2C292&ssl=1\",\"contentUrl\":\"https:\\\/\\\/i0.wp.com\\\/sandalio.org\\\/sw\\\/wp-content\\\/uploads\\\/2024\\\/03\\\/presentacion-1-e1709591032274.png?fit=625%2C292&ssl=1\",\"width\":625,\"height\":292},{\"@type\":\"BreadcrumbList\",\"@id\":\"https:\\\/\\\/sandalio.org\\\/sw\\\/2024\\\/03\\\/04\\\/una-tarde-con-sandalio-libros-que-trazan-rutas-de-vida\\\/#breadcrumb\",\"itemListElement\":[{\"@type\":\"ListItem\",\"position\":1,\"name\":\"Portada\",\"item\":\"https:\\\/\\\/sandalio.org\\\/sw\\\/\"},{\"@type\":\"ListItem\",\"position\":2,\"name\":\"Una tarde con Sandalio: Libros que trazan rutas de vida\"}]},{\"@type\":\"WebSite\",\"@id\":\"https:\\\/\\\/sandalio.org\\\/sw\\\/#website\",\"url\":\"https:\\\/\\\/sandalio.org\\\/sw\\\/\",\"name\":\"SANDALIO WEBSITE\",\"description\":\"SANDALIO - LU\u00cdS CAMPUZANO\",\"publisher\":{\"@id\":\"https:\\\/\\\/sandalio.org\\\/sw\\\/#organization\"},\"potentialAction\":[{\"@type\":\"SearchAction\",\"target\":{\"@type\":\"EntryPoint\",\"urlTemplate\":\"https:\\\/\\\/sandalio.org\\\/sw\\\/?s={search_term_string}\"},\"query-input\":{\"@type\":\"PropertyValueSpecification\",\"valueRequired\":true,\"valueName\":\"search_term_string\"}}],\"inLanguage\":\"es\"},{\"@type\":\"Organization\",\"@id\":\"https:\\\/\\\/sandalio.org\\\/sw\\\/#organization\",\"name\":\"SANDALIO WEBSITE\",\"url\":\"https:\\\/\\\/sandalio.org\\\/sw\\\/\",\"logo\":{\"@type\":\"ImageObject\",\"inLanguage\":\"es\",\"@id\":\"https:\\\/\\\/sandalio.org\\\/sw\\\/#\\\/schema\\\/logo\\\/image\\\/\",\"url\":\"https:\\\/\\\/i0.wp.com\\\/sandalio.org\\\/sw\\\/wp-content\\\/uploads\\\/2019\\\/01\\\/logoasociacion_cdfye_web.png?fit=600%2C597&ssl=1\",\"contentUrl\":\"https:\\\/\\\/i0.wp.com\\\/sandalio.org\\\/sw\\\/wp-content\\\/uploads\\\/2019\\\/01\\\/logoasociacion_cdfye_web.png?fit=600%2C597&ssl=1\",\"width\":600,\"height\":597,\"caption\":\"SANDALIO WEBSITE\"},\"image\":{\"@id\":\"https:\\\/\\\/sandalio.org\\\/sw\\\/#\\\/schema\\\/logo\\\/image\\\/\"}},{\"@type\":\"Person\",\"@id\":\"https:\\\/\\\/sandalio.org\\\/sw\\\/#\\\/schema\\\/person\\\/19662efb74ec1a0c864e5c3f314d4b5e\",\"name\":\"kalonso\",\"image\":{\"@type\":\"ImageObject\",\"inLanguage\":\"es\",\"@id\":\"https:\\\/\\\/secure.gravatar.com\\\/avatar\\\/8dedfb85376f5619df87b798562554716430c51bdd4ee2c6cb09011dd04878a9?s=96&d=mm&r=g\",\"url\":\"https:\\\/\\\/secure.gravatar.com\\\/avatar\\\/8dedfb85376f5619df87b798562554716430c51bdd4ee2c6cb09011dd04878a9?s=96&d=mm&r=g\",\"contentUrl\":\"https:\\\/\\\/secure.gravatar.com\\\/avatar\\\/8dedfb85376f5619df87b798562554716430c51bdd4ee2c6cb09011dd04878a9?s=96&d=mm&r=g\",\"caption\":\"kalonso\"},\"url\":\"https:\\\/\\\/sandalio.org\\\/sw\\\/author\\\/kalonso\\\/\"}]}<\/script>\n<!-- \/ Yoast SEO plugin. -->","yoast_head_json":{"title":"Una tarde con Sandalio: Libros que trazan rutas de vida - SANDALIO WEBSITE","description":"Una tarde con Sandalio: Libros que trazan rutas de vida. Presentaci\u00f3n de los \u00faltimos libros de Luis Campuzano, Sandalio. No te lo pierdas.","robots":{"index":"index","follow":"follow","max-snippet":"max-snippet:-1","max-image-preview":"max-image-preview:large","max-video-preview":"max-video-preview:-1"},"canonical":"https:\/\/sandalio.org\/sw\/2024\/03\/04\/una-tarde-con-sandalio-libros-que-trazan-rutas-de-vida\/","og_locale":"es_ES","og_type":"article","og_title":"Una tarde con Sandalio: Libros que trazan rutas de vida - SANDALIO WEBSITE","og_description":"Una tarde con Sandalio: Libros que trazan rutas de vida. Presentaci\u00f3n de los \u00faltimos libros de Luis Campuzano, Sandalio. No te lo pierdas.","og_url":"https:\/\/sandalio.org\/sw\/2024\/03\/04\/una-tarde-con-sandalio-libros-que-trazan-rutas-de-vida\/","og_site_name":"SANDALIO WEBSITE","article_published_time":"2024-03-04T22:21:22+00:00","article_modified_time":"2024-03-04T22:42:35+00:00","og_image":[{"width":625,"height":292,"url":"https:\/\/i0.wp.com\/sandalio.org\/sw\/wp-content\/uploads\/2024\/03\/presentacion-1-e1709591032274.png?fit=625%2C292&ssl=1","type":"image\/png"}],"author":"kalonso","twitter_card":"summary_large_image","twitter_misc":{"Escrito por":"kalonso","Tiempo de lectura":"1 minuto"},"schema":{"@context":"https:\/\/schema.org","@graph":[{"@type":"Article","@id":"https:\/\/sandalio.org\/sw\/2024\/03\/04\/una-tarde-con-sandalio-libros-que-trazan-rutas-de-vida\/#article","isPartOf":{"@id":"https:\/\/sandalio.org\/sw\/2024\/03\/04\/una-tarde-con-sandalio-libros-que-trazan-rutas-de-vida\/"},"author":{"name":"kalonso","@id":"https:\/\/sandalio.org\/sw\/#\/schema\/person\/19662efb74ec1a0c864e5c3f314d4b5e"},"headline":"Una tarde con Sandalio: Libros que trazan rutas de vida","datePublished":"2024-03-04T22:21:22+00:00","dateModified":"2024-03-04T22:42:35+00:00","mainEntityOfPage":{"@id":"https:\/\/sandalio.org\/sw\/2024\/03\/04\/una-tarde-con-sandalio-libros-que-trazan-rutas-de-vida\/"},"wordCount":97,"commentCount":0,"publisher":{"@id":"https:\/\/sandalio.org\/sw\/#organization"},"image":{"@id":"https:\/\/sandalio.org\/sw\/2024\/03\/04\/una-tarde-con-sandalio-libros-que-trazan-rutas-de-vida\/#primaryimage"},"thumbnailUrl":"https:\/\/i0.wp.com\/sandalio.org\/sw\/wp-content\/uploads\/2024\/03\/presentacion-1-e1709591032274.png?fit=625%2C292&ssl=1","articleSection":["ANUNCIO"],"inLanguage":"es","potentialAction":[{"@type":"CommentAction","name":"Comment","target":["https:\/\/sandalio.org\/sw\/2024\/03\/04\/una-tarde-con-sandalio-libros-que-trazan-rutas-de-vida\/#respond"]}]},{"@type":"WebPage","@id":"https:\/\/sandalio.org\/sw\/2024\/03\/04\/una-tarde-con-sandalio-libros-que-trazan-rutas-de-vida\/","url":"https:\/\/sandalio.org\/sw\/2024\/03\/04\/una-tarde-con-sandalio-libros-que-trazan-rutas-de-vida\/","name":"Una tarde con Sandalio: Libros que trazan rutas de vida - SANDALIO WEBSITE","isPartOf":{"@id":"https:\/\/sandalio.org\/sw\/#website"},"primaryImageOfPage":{"@id":"https:\/\/sandalio.org\/sw\/2024\/03\/04\/una-tarde-con-sandalio-libros-que-trazan-rutas-de-vida\/#primaryimage"},"image":{"@id":"https:\/\/sandalio.org\/sw\/2024\/03\/04\/una-tarde-con-sandalio-libros-que-trazan-rutas-de-vida\/#primaryimage"},"thumbnailUrl":"https:\/\/i0.wp.com\/sandalio.org\/sw\/wp-content\/uploads\/2024\/03\/presentacion-1-e1709591032274.png?fit=625%2C292&ssl=1","datePublished":"2024-03-04T22:21:22+00:00","dateModified":"2024-03-04T22:42:35+00:00","description":"Una tarde con Sandalio: Libros que trazan rutas de vida. Presentaci\u00f3n de los \u00faltimos libros de Luis Campuzano, Sandalio. No te lo pierdas.","breadcrumb":{"@id":"https:\/\/sandalio.org\/sw\/2024\/03\/04\/una-tarde-con-sandalio-libros-que-trazan-rutas-de-vida\/#breadcrumb"},"inLanguage":"es","potentialAction":[{"@type":"ReadAction","target":["https:\/\/sandalio.org\/sw\/2024\/03\/04\/una-tarde-con-sandalio-libros-que-trazan-rutas-de-vida\/"]}]},{"@type":"ImageObject","inLanguage":"es","@id":"https:\/\/sandalio.org\/sw\/2024\/03\/04\/una-tarde-con-sandalio-libros-que-trazan-rutas-de-vida\/#primaryimage","url":"https:\/\/i0.wp.com\/sandalio.org\/sw\/wp-content\/uploads\/2024\/03\/presentacion-1-e1709591032274.png?fit=625%2C292&ssl=1","contentUrl":"https:\/\/i0.wp.com\/sandalio.org\/sw\/wp-content\/uploads\/2024\/03\/presentacion-1-e1709591032274.png?fit=625%2C292&ssl=1","width":625,"height":292},{"@type":"BreadcrumbList","@id":"https:\/\/sandalio.org\/sw\/2024\/03\/04\/una-tarde-con-sandalio-libros-que-trazan-rutas-de-vida\/#breadcrumb","itemListElement":[{"@type":"ListItem","position":1,"name":"Portada","item":"https:\/\/sandalio.org\/sw\/"},{"@type":"ListItem","position":2,"name":"Una tarde con Sandalio: Libros que trazan rutas de vida"}]},{"@type":"WebSite","@id":"https:\/\/sandalio.org\/sw\/#website","url":"https:\/\/sandalio.org\/sw\/","name":"SANDALIO WEBSITE","description":"SANDALIO - LU\u00cdS CAMPUZANO","publisher":{"@id":"https:\/\/sandalio.org\/sw\/#organization"},"potentialAction":[{"@type":"SearchAction","target":{"@type":"EntryPoint","urlTemplate":"https:\/\/sandalio.org\/sw\/?s={search_term_string}"},"query-input":{"@type":"PropertyValueSpecification","valueRequired":true,"valueName":"search_term_string"}}],"inLanguage":"es"},{"@type":"Organization","@id":"https:\/\/sandalio.org\/sw\/#organization","name":"SANDALIO WEBSITE","url":"https:\/\/sandalio.org\/sw\/","logo":{"@type":"ImageObject","inLanguage":"es","@id":"https:\/\/sandalio.org\/sw\/#\/schema\/logo\/image\/","url":"https:\/\/i0.wp.com\/sandalio.org\/sw\/wp-content\/uploads\/2019\/01\/logoasociacion_cdfye_web.png?fit=600%2C597&ssl=1","contentUrl":"https:\/\/i0.wp.com\/sandalio.org\/sw\/wp-content\/uploads\/2019\/01\/logoasociacion_cdfye_web.png?fit=600%2C597&ssl=1","width":600,"height":597,"caption":"SANDALIO WEBSITE"},"image":{"@id":"https:\/\/sandalio.org\/sw\/#\/schema\/logo\/image\/"}},{"@type":"Person","@id":"https:\/\/sandalio.org\/sw\/#\/schema\/person\/19662efb74ec1a0c864e5c3f314d4b5e","name":"kalonso","image":{"@type":"ImageObject","inLanguage":"es","@id":"https:\/\/secure.gravatar.com\/avatar\/8dedfb85376f5619df87b798562554716430c51bdd4ee2c6cb09011dd04878a9?s=96&d=mm&r=g","url":"https:\/\/secure.gravatar.com\/avatar\/8dedfb85376f5619df87b798562554716430c51bdd4ee2c6cb09011dd04878a9?s=96&d=mm&r=g","contentUrl":"https:\/\/secure.gravatar.com\/avatar\/8dedfb85376f5619df87b798562554716430c51bdd4ee2c6cb09011dd04878a9?s=96&d=mm&r=g","caption":"kalonso"},"url":"https:\/\/sandalio.org\/sw\/author\/kalonso\/"}]}},"jetpack_publicize_connections":[],"jetpack_featured_media_url":"https:\/\/i0.wp.com\/sandalio.org\/sw\/wp-content\/uploads\/2024\/03\/presentacion-1-e1709591032274.png?fit=625%2C292&ssl=1","jetpack_sharing_enabled":true,"jetpack_shortlink":"https:\/\/wp.me\/pabpdT-fP","jetpack-related-posts":[{"id":241,"url":"https:\/\/sandalio.org\/sw\/2020\/08\/25\/presentacion-de-la-web\/","url_meta":{"origin":981,"position":0},"title":"PRESENTACI\u00d3N DE LA WEB","author":"kalonso","date":"25 agosto, 2020","format":false,"excerpt":"Este espacio quiere presentar tanto las obras de Sandalio (la elecci\u00f3n del nombre para la web\u00a0no es tanto por protagonismo sino por facilidad para buscarlo en la red) como la realidad de esta asociaci\u00f3n que hace posible nuestra actividad principal de acogida de personas.Esta acogida se refiere tanto a personas\u2026","rel":"","context":"En \u00abGeneral\u00bb","block_context":{"text":"General","link":"https:\/\/sandalio.org\/sw\/category\/general\/"},"img":{"alt_text":"","src":"https:\/\/i0.wp.com\/sandalio.org\/sw\/wp-content\/uploads\/2020\/08\/porsche-005.jpg?fit=1200%2C900&ssl=1&resize=350%2C200","width":350,"height":200,"srcset":"https:\/\/i0.wp.com\/sandalio.org\/sw\/wp-content\/uploads\/2020\/08\/porsche-005.jpg?fit=1200%2C900&ssl=1&resize=350%2C200 1x, https:\/\/i0.wp.com\/sandalio.org\/sw\/wp-content\/uploads\/2020\/08\/porsche-005.jpg?fit=1200%2C900&ssl=1&resize=525%2C300 1.5x, https:\/\/i0.wp.com\/sandalio.org\/sw\/wp-content\/uploads\/2020\/08\/porsche-005.jpg?fit=1200%2C900&ssl=1&resize=700%2C400 2x, https:\/\/i0.wp.com\/sandalio.org\/sw\/wp-content\/uploads\/2020\/08\/porsche-005.jpg?fit=1200%2C900&ssl=1&resize=1050%2C600 3x"},"classes":[]},{"id":265,"url":"https:\/\/sandalio.org\/sw\/2020\/08\/25\/inauguracion-de-la-casa-de-todos-2013\/","url_meta":{"origin":981,"position":1},"title":"INAUGURACI\u00d3N DE \u00abLA CASA DE TODOS\u00bb. 2013","author":"kalonso","date":"25 agosto, 2020","format":false,"excerpt":"Inauguraci\u00f3n del 22 del agosto de 2013 de \"LA CASA DE TODOS\" de la Asociaci\u00f3n Camino de Fe y Esperanza. Arquitecto: Miguel \u00c1ngel Montes. Desarrollador: Luis Campuzano, Sandalio. Constructores: Comunidad de Camino de Fe y Esperanza y amigos colaboradores. Montaje y edici\u00f3n del V\u00eddeo: Antonio Campuzano. SIGUE NUESTRO CANAL DE\u2026","rel":"","context":"En \u00abEscuela de Hospitalidad\u00bb","block_context":{"text":"Escuela de Hospitalidad","link":"https:\/\/sandalio.org\/sw\/category\/hospitalidad\/"},"img":{"alt_text":"","src":"https:\/\/i0.wp.com\/sandalio.org\/sw\/wp-content\/uploads\/2020\/08\/video.png?fit=1200%2C623&ssl=1&resize=350%2C200","width":350,"height":200,"srcset":"https:\/\/i0.wp.com\/sandalio.org\/sw\/wp-content\/uploads\/2020\/08\/video.png?fit=1200%2C623&ssl=1&resize=350%2C200 1x, https:\/\/i0.wp.com\/sandalio.org\/sw\/wp-content\/uploads\/2020\/08\/video.png?fit=1200%2C623&ssl=1&resize=525%2C300 1.5x, https:\/\/i0.wp.com\/sandalio.org\/sw\/wp-content\/uploads\/2020\/08\/video.png?fit=1200%2C623&ssl=1&resize=700%2C400 2x, https:\/\/i0.wp.com\/sandalio.org\/sw\/wp-content\/uploads\/2020\/08\/video.png?fit=1200%2C623&ssl=1&resize=1050%2C600 3x"},"classes":[]},{"id":894,"url":"https:\/\/sandalio.org\/sw\/2022\/05\/09\/en-el-camino-de-la-vida\/","url_meta":{"origin":981,"position":2},"title":"EN EL CAMINO DE LA VIDA","author":"kalonso","date":"9 mayo, 2022","format":false,"excerpt":"ENCUENTROS PARA ESTE VERANO Hola amig@s, desde nuestra casa de Lloreda, y confiando en que el virus nos va a permitir ya reencontrarnos con la gente y sin mascarilla, hemos decidido convocar un par de encuentros para este verano. El primero tratar\u00eda de autoconocimiento\u00a0 y podr\u00edamos\u00a0 compartir experiencias sobre la\u2026","rel":"","context":"En \u00abEscuela de Espiritualidad\u00bb","block_context":{"text":"Escuela de Espiritualidad","link":"https:\/\/sandalio.org\/sw\/category\/espiritualidad\/"},"img":{"alt_text":"","src":"https:\/\/i0.wp.com\/sandalio.org\/sw\/wp-content\/uploads\/2022\/05\/SANDALIO_ENCUENTRO_1.png?fit=1200%2C667&ssl=1&resize=350%2C200","width":350,"height":200,"srcset":"https:\/\/i0.wp.com\/sandalio.org\/sw\/wp-content\/uploads\/2022\/05\/SANDALIO_ENCUENTRO_1.png?fit=1200%2C667&ssl=1&resize=350%2C200 1x, https:\/\/i0.wp.com\/sandalio.org\/sw\/wp-content\/uploads\/2022\/05\/SANDALIO_ENCUENTRO_1.png?fit=1200%2C667&ssl=1&resize=525%2C300 1.5x, https:\/\/i0.wp.com\/sandalio.org\/sw\/wp-content\/uploads\/2022\/05\/SANDALIO_ENCUENTRO_1.png?fit=1200%2C667&ssl=1&resize=700%2C400 2x, https:\/\/i0.wp.com\/sandalio.org\/sw\/wp-content\/uploads\/2022\/05\/SANDALIO_ENCUENTRO_1.png?fit=1200%2C667&ssl=1&resize=1050%2C600 3x"},"classes":[]},{"id":974,"url":"https:\/\/sandalio.org\/sw\/2024\/03\/04\/voces-por-gaza-un-grito-contra-el-silencio-y-la-complicidad\/","url_meta":{"origin":981,"position":3},"title":"Voces por Gaza: Un Grito Contra el Silencio y la Complicidad","author":"kalonso","date":"4 marzo, 2024","format":false,"excerpt":"En un mundo a menudo oscurecido por titulares y ret\u00f3rica pol\u00edtica, las calles se convierten en un lienzo para aquellos sin voz. La reciente manifestaci\u00f3n capturada en estas fotograf\u00edas revela una narrativa conmovedora de solidaridad, paz y un rechazo inquebrantable a la complicidad en la injusticia. Los carteles, audaces y\u2026","rel":"","context":"En \u00abBlog\u00bb","block_context":{"text":"Blog","link":"https:\/\/sandalio.org\/sw\/category\/blog\/"},"img":{"alt_text":"Un Grito Contra el Silencio","src":"https:\/\/i0.wp.com\/sandalio.org\/sw\/wp-content\/uploads\/2024\/03\/Gaza_1-scaled.jpg?fit=1200%2C900&ssl=1&resize=350%2C200","width":350,"height":200,"srcset":"https:\/\/i0.wp.com\/sandalio.org\/sw\/wp-content\/uploads\/2024\/03\/Gaza_1-scaled.jpg?fit=1200%2C900&ssl=1&resize=350%2C200 1x, https:\/\/i0.wp.com\/sandalio.org\/sw\/wp-content\/uploads\/2024\/03\/Gaza_1-scaled.jpg?fit=1200%2C900&ssl=1&resize=525%2C300 1.5x, https:\/\/i0.wp.com\/sandalio.org\/sw\/wp-content\/uploads\/2024\/03\/Gaza_1-scaled.jpg?fit=1200%2C900&ssl=1&resize=700%2C400 2x, https:\/\/i0.wp.com\/sandalio.org\/sw\/wp-content\/uploads\/2024\/03\/Gaza_1-scaled.jpg?fit=1200%2C900&ssl=1&resize=1050%2C600 3x"},"classes":[]},{"id":820,"url":"https:\/\/sandalio.org\/sw\/2022\/03\/12\/bulo-ya-estamos-muy-cerca-de-la-paz\/","url_meta":{"origin":981,"position":4},"title":"BULO: YA ESTAMOS MUY CERCA DE LA PAZ.","author":"kalonso","date":"12 marzo, 2022","format":false,"excerpt":"Las \u00faltimas y sorprendentes noticias que nos llegan de Norteam\u00e9rica y de Bruselas\u00a0 nos confirman nuestros deseos m\u00e1s \u00edntimos, esos que no siempre estamos dispuestos a expresar: estamos ya muy cerca de la Paz. La iniciativa parece ser que ha partido del presidente de EEUU que esta misma ma\u00f1ana ha\u2026","rel":"","context":"En \u00abBlog\u00bb","block_context":{"text":"Blog","link":"https:\/\/sandalio.org\/sw\/category\/blog\/"},"img":{"alt_text":"","src":"https:\/\/i0.wp.com\/sandalio.org\/sw\/wp-content\/uploads\/2022\/03\/D29BD9AC-8839-4E1D-ACD1-164D31FCC60D.jpeg?fit=462%2C537&ssl=1&resize=350%2C200","width":350,"height":200},"classes":[]}],"_links":{"self":[{"href":"https:\/\/sandalio.org\/sw\/wp-json\/wp\/v2\/posts\/981","targetHints":{"allow":["GET"]}}],"collection":[{"href":"https:\/\/sandalio.org\/sw\/wp-json\/wp\/v2\/posts"}],"about":[{"href":"https:\/\/sandalio.org\/sw\/wp-json\/wp\/v2\/types\/post"}],"author":[{"embeddable":true,"href":"https:\/\/sandalio.org\/sw\/wp-json\/wp\/v2\/users\/1"}],"replies":[{"embeddable":true,"href":"https:\/\/sandalio.org\/sw\/wp-json\/wp\/v2\/comments?post=981"}],"version-history":[{"count":10,"href":"https:\/\/sandalio.org\/sw\/wp-json\/wp\/v2\/posts\/981\/revisions"}],"predecessor-version":[{"id":993,"href":"https:\/\/sandalio.org\/sw\/wp-json\/wp\/v2\/posts\/981\/revisions\/993"}],"wp:featuredmedia":[{"embeddable":true,"href":"https:\/\/sandalio.org\/sw\/wp-json\/wp\/v2\/media\/992"}],"wp:attachment":[{"href":"https:\/\/sandalio.org\/sw\/wp-json\/wp\/v2\/media?parent=981"}],"wp:term":[{"taxonomy":"category","embeddable":true,"href":"https:\/\/sandalio.org\/sw\/wp-json\/wp\/v2\/categories?post=981"},{"taxonomy":"post_tag","embeddable":true,"href":"https:\/\/sandalio.org\/sw\/wp-json\/wp\/v2\/tags?post=981"}],"curies":[{"name":"wp","href":"https:\/\/api.w.org\/{rel}","templated":true}]}}